{"id":743,"date":"2019-06-12T08:57:45","date_gmt":"2019-06-12T08:57:45","guid":{"rendered":"http:\/\/umh2159.umh.es\/?p=743"},"modified":"2019-06-14T09:01:12","modified_gmt":"2019-06-14T09:01:12","slug":"ii-premios-talento-artistico-acf-tfgs-bellas-artes","status":"publish","type":"post","link":"https:\/\/umh2159.umh.es\/ca\/2019\/06\/12\/ii-premios-talento-artistico-acf-tfgs-bellas-artes\/","title":{"rendered":"II PREMIOS TALENTO ART\u00cdSTICO ACF &#8211; TFGs Bellas Artes"},"content":{"rendered":"<p><!-- x-tinymce\/html --><\/p>\n<p><a href=\"http:\/\/umh2159.umh.es\/files\/2019\/06\/cartel-talentoartisticoacf-final.jpg\"><img loading=\"lazy\" class=\"  wp-image-744 alignleft\" src=\"http:\/\/umh2159.umh.es\/files\/2019\/06\/cartel-talentoartisticoacf-final-724x1024.jpg\" alt=\"cartel-talentoartisticoacf-final\" width=\"352\" height=\"498\" srcset=\"https:\/\/umh2159.umh.es\/files\/2019\/06\/cartel-talentoartisticoacf-final-724x1024.jpg 724w, https:\/\/umh2159.umh.es\/files\/2019\/06\/cartel-talentoartisticoacf-final-212x300.jpg 212w\" sizes=\"(max-width: 352px) 100vw, 352px\" \/><\/a><\/p>\n<p>&nbsp;<\/p>\n<p>Compartimos la convocatoria II PREMIOS TALENTO ART\u00cdSTICO ACF\u00a0de <strong>Ahorro Corporaci\u00f3n Financiera (ACF) <\/strong>que recompensan la labor creadora de los TFGs de nuestros alumnos de Bellas Artes.<\/p>\n<p>Para esta II edici\u00f3n se contar\u00e1 de nuevo con la magn\u00edfica sala de exposiciones de la\u00a0<strong>Calle Vel\u00e1zquez, 12 (Madrid) de Jorge Alcolea:<\/strong><\/p>\n<p>INAUGURACI\u00d3N\u00a0<strong>JUEVES 7 DE NOVIEMBRE 2019<\/strong><\/p>\n<p>CLAUSURA:\u00a0<strong>DOMINGO 17 DE NOVIEMBRE 2019<\/strong><\/p>\n<p><strong>Calendario de 2019:<\/strong><\/p>\n<ul>\n<li>PLAZO RECEPCI\u00d3N DOSSIERES:\u00a0<strong>15 DE JULIO AL 15 DE SEPTIEMBRE\u00a0<\/strong><\/li>\n<li>SELECCI\u00d3N DE OBRAS PARA LA EXPOSICI\u00d3N<strong>: DEL 16 DE SEPTIEMBRE AL 2 DE OCTUBRE<\/strong><\/li>\n<li>COMUNICACI\u00d3N A LOS SELECCIONADOS:<strong>\u00a04 DE OCTUBRE<\/strong><\/li>\n<li>RECEPECI\u00d3N OBRAS:<strong>\u00a04 Y 5 DE NOVIEMBRE<\/strong><\/li>\n<li>MONTAJE EXPOSICI\u00d3N:<strong>\u00a04, 5 Y 6 DE NOVIEMBRE<\/strong><\/li>\n<li>VISITA Y FALLO DEL JURADO:<strong>\u00a06 NOVIEMBRE (tarde)<\/strong><\/li>\n<li>INAUGURACI\u00d3N Y ENTREGA PREMIOS:<strong>\u00a07 DE NOVIEMBRE<\/strong><\/li>\n<\/ul>\n<p>POD\u00c9IS CONSULTAR TODA LA INFORMACI\u00d3N\u00a0 EN ESTA WEB:\u00a0<a href=\"http:\/\/www.arteacf.com\/\">http:\/\/www.arteacf.com<\/a><\/p>\n<p>INSTAGRAM:\u00a0@talentoartistico_acf<\/p>\n<p>La responsable de la coordinaci\u00f3n T\u00e9cnica es\u00a0<strong>ELISA DE LA TORRE<\/strong>\u00a0<a>premiosacf@ufv.es<\/a>\u00a0\u00a0coordinar\u00e1 todo lo relacionado con la recepci\u00f3n tanto de\u00a0dossiers como de obras, as\u00ed como del montaje de la exposici\u00f3n. Para cualquier duda o aclaraci\u00f3n os pod\u00e9is dirigir a ella.<\/p>\n<p><strong>Este concurso no solo ofrece visibilidad y ayuda econ\u00f3mica a nuestros alumnos-artistas, tambi\u00e9n supone la reivindicaci\u00f3n de los estudios de Bellas Artes en Espa\u00f1a.<\/strong><\/p>\n<p>&nbsp;<\/p>\n","protected":false},"excerpt":{"rendered":"<p>&nbsp; Compartimos la convocatoria II PREMIOS TALENTO ART\u00cdSTICO ACF\u00a0de Ahorro Corporaci\u00f3n Financiera (ACF) que recompensan la labor creadora de los TFGs de nuestros alumnos de Bellas Artes. Para esta II edici\u00f3n se contar\u00e1 de nuevo con la magn\u00edfica sala de exposiciones de la\u00a0Calle Vel\u00e1zquez, 12 (Madrid) de Jorge Alcolea: INAUGURACI\u00d3N\u00a0JUEVES 7 DE NOVIEMBRE 2019 CLAUSURA:\u00a0DOMINGO [&hellip;]<\/p>\n","protected":false},"author":3285,"featured_media":0,"comment_status":"open","ping_status":"open","sticky":false,"template":"","format":"standard","meta":{"_links_to":"","_links_to_target":""},"categories":[1],"tags":[],"_links":{"self":[{"href":"https:\/\/umh2159.umh.es\/ca\/wp-json\/wp\/v2\/posts\/743"}],"collection":[{"href":"https:\/\/umh2159.umh.es\/ca\/wp-json\/wp\/v2\/posts"}],"about":[{"href":"https:\/\/umh2159.umh.es\/ca\/wp-json\/wp\/v2\/types\/post"}],"author":[{"embeddable":true,"href":"https:\/\/umh2159.umh.es\/ca\/wp-json\/wp\/v2\/users\/3285"}],"replies":[{"embeddable":true,"href":"https:\/\/umh2159.umh.es\/ca\/wp-json\/wp\/v2\/comments?post=743"}],"version-history":[{"count":0,"href":"https:\/\/umh2159.umh.es\/ca\/wp-json\/wp\/v2\/posts\/743\/revisions"}],"wp:attachment":[{"href":"https:\/\/umh2159.umh.es\/ca\/wp-json\/wp\/v2\/media?parent=743"}],"wp:term":[{"taxonomy":"category","embeddable":true,"href":"https:\/\/umh2159.umh.es\/ca\/wp-json\/wp\/v2\/categories?post=743"},{"taxonomy":"post_tag","embeddable":true,"href":"https:\/\/umh2159.umh.es\/ca\/wp-json\/wp\/v2\/tags?post=743"}],"curies":[{"name":"wp","href":"https:\/\/api.w.org\/{rel}","templated":true}]}}